{"id":208,"date":"2026-08-20T22:26:33","date_gmt":"2026-08-20T22:26:33","guid":{"rendered":"https:\/\/covis.smas.org\/?p=208"},"modified":"2026-08-20T22:26:33","modified_gmt":"2026-08-20T22:26:33","slug":"new-generation-new-standards","status":"publish","type":"post","link":"https:\/\/covis.smas.org\/sr\/2026\/08\/20\/new-generation-new-standards\/","title":{"rendered":"Nova generacija. Novi standardi."},"content":{"rendered":"<p><img loading=\"lazy\" decoding=\"async\" src=\"https:\/\/covis.smas.org\/wp-content\/uploads\/2026\/08\/image1-603x1024.png\" alt=\"\" width=\"603\" height=\"1024\" class=\"aligncenter size-large wp-image-209\" srcset=\"https:\/\/covis.smas.org\/wp-content\/uploads\/2026\/08\/image1-603x1024.png 603w, https:\/\/covis.smas.org\/wp-content\/uploads\/2026\/08\/image1-177x300.png 177w, https:\/\/covis.smas.org\/wp-content\/uploads\/2026\/08\/image1-768x1305.png 768w, https:\/\/covis.smas.org\/wp-content\/uploads\/2026\/08\/image1-904x1536.png 904w, https:\/\/covis.smas.org\/wp-content\/uploads\/2026\/08\/image1.png 962w\" sizes=\"auto, (max-width: 603px) 100vw, 603px\" \/><\/p>\n<p>\u201eU mojoj generaciji, devedesetih godina, imali smo obi\u010daj da u znak slavlja udarimo jedni druge po zadnjici. Danas se to vi\u0161e ne de\u0161ava; a ako bi se desilo, verujem da bi bilo osu\u0111eno.\u201c<br \/>\nRe\u010denica kakva se \u010desto mo\u017ee \u010duti u sportskom okru\u017eenju \u2014 i koja pokazuje koliko se na\u0161a kultura promenila.<\/p>\n<p>Ono \u0161to se nekada smatralo \u201ebezazlenim\u201c ili \u201edelom timskog duha\u201c, danas posmatramo kroz prizmu za\u0161tite sportista. Promene se ne de\u0161avaju preko no\u0107i \u2014 one nastaju kroz razgovor izme\u0111u generacija.<\/p>\n<p><strong>Po\u0161tovanje. Granice. Svi.<\/p>\n<p>Bezbedan sport je bolji sport.<\/strong><\/p>\n<p>#CoViS #SafeSport #Safeguarding #ErasmusSport<\/p>","protected":false},"excerpt":{"rendered":"<p>\u201eU mojoj generaciji, devedesetih godina, imali smo obi\u010daj da u znak slavlja udarimo jedni druge po zadnjici. Danas se to vi\u0161e ne de\u0161ava; a ako bi se desilo, verujem da bi bilo osu\u0111eno.\u201c Re\u010denica kakva se \u010desto mo\u017ee \u010duti u sportskom okru\u017eenju \u2014 i koja pokazuje koliko se na\u0161a kultura promenila. Ono \u0161to se nekada &#8230; <a title=\"Nova generacija. Novi standardi.\" class=\"read-more\" href=\"https:\/\/covis.smas.org\/sr\/2026\/08\/20\/new-generation-new-standards\/\" aria-label=\"Read more about Nova generacija. Novi standardi.\">Read more<\/a><\/p>\n","protected":false},"author":1,"featured_media":210,"comment_status":"open","ping_status":"open","sticky":false,"template":"","format":"standard","meta":{"footnotes":""},"categories":[4],"tags":[],"class_list":["post-208","post","type-post","status-publish","format-standard","has-post-thumbnail","hentry","category-news"],"_links":{"self":[{"href":"https:\/\/covis.smas.org\/sr\/wp-json\/wp\/v2\/posts\/208","targetHints":{"allow":["GET"]}}],"collection":[{"href":"https:\/\/covis.smas.org\/sr\/wp-json\/wp\/v2\/posts"}],"about":[{"href":"https:\/\/covis.smas.org\/sr\/wp-json\/wp\/v2\/types\/post"}],"author":[{"embeddable":true,"href":"https:\/\/covis.smas.org\/sr\/wp-json\/wp\/v2\/users\/1"}],"replies":[{"embeddable":true,"href":"https:\/\/covis.smas.org\/sr\/wp-json\/wp\/v2\/comments?post=208"}],"version-history":[{"count":1,"href":"https:\/\/covis.smas.org\/sr\/wp-json\/wp\/v2\/posts\/208\/revisions"}],"predecessor-version":[{"id":213,"href":"https:\/\/covis.smas.org\/sr\/wp-json\/wp\/v2\/posts\/208\/revisions\/213"}],"wp:featuredmedia":[{"embeddable":true,"href":"https:\/\/covis.smas.org\/sr\/wp-json\/wp\/v2\/media\/210"}],"wp:attachment":[{"href":"https:\/\/covis.smas.org\/sr\/wp-json\/wp\/v2\/media?parent=208"}],"wp:term":[{"taxonomy":"category","embeddable":true,"href":"https:\/\/covis.smas.org\/sr\/wp-json\/wp\/v2\/categories?post=208"},{"taxonomy":"post_tag","embeddable":true,"href":"https:\/\/covis.smas.org\/sr\/wp-json\/wp\/v2\/tags?post=208"}],"curies":[{"name":"wp","href":"https:\/\/api.w.org\/{rel}","templated":true}]}}